
{"id":8746,"date":"2025-01-09T13:47:41","date_gmt":"2025-01-09T18:47:41","guid":{"rendered":"https:\/\/merton.emsb.qc.ca\/?p=8746"},"modified":"2025-01-09T13:49:53","modified_gmt":"2025-01-09T18:49:53","slug":"online-kindergarten-spot-reservation-2025-2026-school-year","status":"publish","type":"post","link":"https:\/\/merton.emsb.qc.ca\/fr\/online-kindergarten-spot-reservation-2025-2026-school-year\/","title":{"rendered":"R\u00e9servation en ligne de places en maternelle pour l'ann\u00e9e scolaire 2025-2026"},"content":{"rendered":"<div data-elementor-type=\"wp-post\" data-elementor-id=\"8746\" class=\"elementor elementor-8746\" data-elementor-post-type=\"post\">\n\t\t\t\t\t\t<section class=\"elementor-section elementor-top-section elementor-element elementor-element-67b3264 elementor-section-boxed elementor-section-height-default elementor-section-height-default\" data-id=\"67b3264\" data-element_type=\"section\" data-e-type=\"section\" data-settings=\"{&quot;jet_parallax_layout_list&quot;:[]}\">\n\t\t\t\t\t\t<div class=\"elementor-container elementor-column-gap-default\">\n\t\t\t\t\t<div class=\"elementor-column elementor-col-100 elementor-top-column elementor-element elementor-element-574a6be\" data-id=\"574a6be\" data-element_type=\"column\" data-e-type=\"column\">\n\t\t\t<div class=\"elementor-widget-wrap elementor-element-populated\">\n\t\t\t\t\t\t<div class=\"elementor-element elementor-element-6262131 elementor-widget elementor-widget-text-editor\" data-id=\"6262131\" data-element_type=\"widget\" data-e-type=\"widget\" data-widget_type=\"text-editor.default\">\n\t\t\t\t<div class=\"elementor-widget-container\">\n\t\t\t\t\t\t\t\t\t<p>Nous sommes ravis d'apprendre que vous avez choisi notre \u00e9cole comme \u00e9cole primaire pour votre\/vos enfant(s). Nous nous r\u00e9jouissons de vous accueillir dans notre famille. Nous vous demandons de prendre rendez-vous en utilisant notre syst\u00e8me de r\u00e9servation en ligne en cliquant sur le lien suivant.<\/p><p><strong>Les liens de r\u00e9servation en ligne des places en maternelle seront disponibles le 27 janvier 2025 \u00e0 7 heures.<\/strong><\/p><p>La semaine d'inscription \u00e0 l'\u00e9cole \u00e9l\u00e9mentaire se d\u00e9roule du 3 au 7 f\u00e9vrier 2025.<\/p><p>&lt;!- <h5>Notre \u00e9cole accepte actuellement les inscriptions en ligne \u00e0 l'\u00e9cole maternelle pour l'ann\u00e9e scolaire \u00e0 venir.<\/h5>\n<h5><strong>R\u00e9servation en ligne des places en maternelle \u00e0 partir du 29 janvier 2024 \u00e0 7 heures.<\/strong><\/h5> -&gt;<\/p><p>Le formulaire de r\u00e9servation en ligne d'une place en maternelle prendra environ 5 \u00e0 10 minutes \u00e0 remplir. Ce formulaire permet \u00e0 un parent de r\u00e9server un rendez-vous d'inscription pour l'ann\u00e9e scolaire 2025-2026 en maternelle. Une personne de l'\u00e9cole vous appellera bient\u00f4t pour valider vos informations et vous fournir de plus amples renseignements sur la proc\u00e9dure d'inscription. Les rendez-vous seront donn\u00e9s dans l'ordre de r\u00e9ception des inscriptions.<\/p>\t\t\t\t\t\t\t\t<\/div>\n\t\t\t\t<\/div>\n\t\t\t\t<div class=\"elementor-element elementor-element-b076864 elementor-widget elementor-widget-button\" data-id=\"b076864\" data-element_type=\"widget\" data-e-type=\"widget\" data-widget_type=\"button.default\">\n\t\t\t\t<div class=\"elementor-widget-container\">\n\t\t\t\t\t\t\t\t\t<div class=\"elementor-button-wrapper\">\n\t\t\t\t\t<a class=\"elementor-button elementor-button-link elementor-size-sm\" href=\"https:\/\/www.emsb.qc.ca\/emsb\/reserve\">\n\t\t\t\t\t\t<span class=\"elementor-button-content-wrapper\">\n\t\t\t\t\t\t\t\t\t<span class=\"elementor-button-text\">Cliquez ici pour r\u00e9server votre place<\/span>\n\t\t\t\t\t<\/span>\n\t\t\t\t\t<\/a>\n\t\t\t\t<\/div>\n\t\t\t\t\t\t\t\t<\/div>\n\t\t\t\t<\/div>\n\t\t\t\t\t<\/div>\n\t\t<\/div>\n\t\t\t\t\t<\/div>\n\t\t<\/section>\n\t\t\t\t<\/div>","protected":false},"excerpt":{"rendered":"<p>We are thrilled to hear that you have selected our school as your child(ren)\u2019s elementary school. We look forward to having you join our family. We ask that you book an appointment using our online reservation system through the following link. Online Kindergarten spot reservation links will be available on January 27, 2025 at 7 [&hellip;]<\/p>\n","protected":false},"author":11,"featured_media":8748,"comment_status":"closed","ping_status":"open","sticky":false,"template":"","format":"standard","meta":{"site-sidebar-layout":"default","site-content-layout":"","ast-site-content-layout":"default","site-content-style":"default","site-sidebar-style":"default","ast-global-header-display":"","ast-banner-title-visibility":"","ast-main-header-display":"","ast-hfb-above-header-display":"","ast-hfb-below-header-display":"","ast-hfb-mobile-header-display":"","site-post-title":"","ast-breadcrumbs-content":"","ast-featured-img":"","footer-sml-layout":"","ast-disable-related-posts":"","theme-transparent-header-meta":"default","adv-header-id-meta":"","stick-header-meta":"","header-above-stick-meta":"","header-main-stick-meta":"","header-below-stick-meta":"","astra-migrate-meta-layouts":"set","ast-page-background-enabled":"default","ast-page-background-meta":{"desktop":{"background-color":"var(--ast-global-color-4)","background-image":"","background-repeat":"repeat","background-position":"center center","background-size":"auto","background-attachment":"scroll","background-type":"","background-media":"","overlay-type":"","overlay-color":"","overlay-opacity":"","overlay-gradient":""},"tablet":{"background-color":"","background-image":"","background-repeat":"repeat","background-position":"center center","background-size":"auto","background-attachment":"scroll","background-type":"","background-media":"","overlay-type":"","overlay-color":"","overlay-opacity":"","overlay-gradient":""},"mobile":{"background-color":"","background-image":"","background-repeat":"repeat","background-position":"center center","background-size":"auto","background-attachment":"scroll","background-type":"","background-media":"","overlay-type":"","overlay-color":"","overlay-opacity":"","overlay-gradient":""}},"ast-content-background-meta":{"desktop":{"background-color":"var(--ast-global-color-5)","background-image":"","background-repeat":"repeat","background-position":"center center","background-size":"auto","background-attachment":"scroll","background-type":"","background-media":"","overlay-type":"","overlay-color":"","overlay-opacity":"","overlay-gradient":""},"tablet":{"background-color":"var(--ast-global-color-5)","background-image":"","background-repeat":"repeat","background-position":"center center","background-size":"auto","background-attachment":"scroll","background-type":"","background-media":"","overlay-type":"","overlay-color":"","overlay-opacity":"","overlay-gradient":""},"mobile":{"background-color":"var(--ast-global-color-5)","background-image":"","background-repeat":"repeat","background-position":"center center","background-size":"auto","background-attachment":"scroll","background-type":"","background-media":"","overlay-type":"","overlay-color":"","overlay-opacity":"","overlay-gradient":""}},"footnotes":""},"categories":[13],"tags":[],"class_list":["post-8746","post","type-post","status-publish","format-standard","has-post-thumbnail","hentry","category-school_news"],"yoast_head":"<!-- This site is optimized with the Yoast SEO plugin v27.4 - https:\/\/yoast.com\/product\/yoast-seo-wordpress\/ -->\n<title>Online Kindergarten spot reservation 2025-2026 school year - Merton Elementary School<\/title>\n<meta name=\"robots\" content=\"index, follow, max-snippet:-1, max-image-preview:large, max-video-preview:-1\" \/>\n<link rel=\"canonical\" href=\"https:\/\/merton.emsb.qc.ca\/fr\/online-kindergarten-spot-reservation-2025-2026-school-year\/\" \/>\n<meta property=\"og:locale\" content=\"fr_FR\" \/>\n<meta property=\"og:type\" content=\"article\" \/>\n<meta property=\"og:title\" content=\"Online Kindergarten spot reservation 2025-2026 school year - Merton Elementary School\" \/>\n<meta property=\"og:description\" content=\"We are thrilled to hear that you have selected our school as your child(ren)\u2019s elementary school. We look forward to having you join our family. We ask that you book an appointment using our online reservation system through the following link. Online Kindergarten spot reservation links will be available on January 27, 2025 at 7 [&hellip;]\" \/>\n<meta property=\"og:url\" content=\"https:\/\/merton.emsb.qc.ca\/fr\/online-kindergarten-spot-reservation-2025-2026-school-year\/\" \/>\n<meta property=\"og:site_name\" content=\"Merton Elementary School\" \/>\n<meta property=\"article:published_time\" content=\"2025-01-09T18:47:41+00:00\" \/>\n<meta property=\"article:modified_time\" content=\"2025-01-09T18:49:53+00:00\" \/>\n<meta property=\"og:image\" content=\"https:\/\/merton.emsb.qc.ca\/wp-content\/uploads\/sites\/4\/2025\/01\/kindergarten-reservation-en.png\" \/>\n\t<meta property=\"og:image:width\" content=\"1042\" \/>\n\t<meta property=\"og:image:height\" content=\"308\" \/>\n\t<meta property=\"og:image:type\" content=\"image\/png\" \/>\n<meta name=\"author\" content=\"Nur Erdem\" \/>\n<meta name=\"twitter:card\" content=\"summary_large_image\" \/>\n<meta name=\"twitter:label1\" content=\"\u00c9crit par\" \/>\n\t<meta name=\"twitter:data1\" content=\"Nur Erdem\" \/>\n\t<meta name=\"twitter:label2\" content=\"Dur\u00e9e de lecture estim\u00e9e\" \/>\n\t<meta name=\"twitter:data2\" content=\"1 minute\" \/>\n<script type=\"application\/ld+json\" class=\"yoast-schema-graph\">{\"@context\":\"https:\\\/\\\/schema.org\",\"@graph\":[{\"@type\":\"Article\",\"@id\":\"https:\\\/\\\/merton.emsb.qc.ca\\\/online-kindergarten-spot-reservation-2025-2026-school-year\\\/#article\",\"isPartOf\":{\"@id\":\"https:\\\/\\\/merton.emsb.qc.ca\\\/online-kindergarten-spot-reservation-2025-2026-school-year\\\/\"},\"author\":{\"name\":\"Nur Erdem\",\"@id\":\"https:\\\/\\\/merton.emsb.qc.ca\\\/#\\\/schema\\\/person\\\/4fe85cdc0dae7c3c0a2f613061afd8eb\"},\"headline\":\"Online Kindergarten spot reservation 2025-2026 school year\",\"datePublished\":\"2025-01-09T18:47:41+00:00\",\"dateModified\":\"2025-01-09T18:49:53+00:00\",\"mainEntityOfPage\":{\"@id\":\"https:\\\/\\\/merton.emsb.qc.ca\\\/online-kindergarten-spot-reservation-2025-2026-school-year\\\/\"},\"wordCount\":171,\"publisher\":{\"@id\":\"https:\\\/\\\/merton.emsb.qc.ca\\\/#organization\"},\"image\":{\"@id\":\"https:\\\/\\\/merton.emsb.qc.ca\\\/online-kindergarten-spot-reservation-2025-2026-school-year\\\/#primaryimage\"},\"thumbnailUrl\":\"https:\\\/\\\/merton.emsb.qc.ca\\\/wp-content\\\/uploads\\\/sites\\\/4\\\/2025\\\/01\\\/kindergarten-reservation-en.png\",\"articleSection\":[\"School News\"],\"inLanguage\":\"fr-FR\"},{\"@type\":\"WebPage\",\"@id\":\"https:\\\/\\\/merton.emsb.qc.ca\\\/online-kindergarten-spot-reservation-2025-2026-school-year\\\/\",\"url\":\"https:\\\/\\\/merton.emsb.qc.ca\\\/online-kindergarten-spot-reservation-2025-2026-school-year\\\/\",\"name\":\"Online Kindergarten spot reservation 2025-2026 school year - Merton Elementary School\",\"isPartOf\":{\"@id\":\"https:\\\/\\\/merton.emsb.qc.ca\\\/#website\"},\"primaryImageOfPage\":{\"@id\":\"https:\\\/\\\/merton.emsb.qc.ca\\\/online-kindergarten-spot-reservation-2025-2026-school-year\\\/#primaryimage\"},\"image\":{\"@id\":\"https:\\\/\\\/merton.emsb.qc.ca\\\/online-kindergarten-spot-reservation-2025-2026-school-year\\\/#primaryimage\"},\"thumbnailUrl\":\"https:\\\/\\\/merton.emsb.qc.ca\\\/wp-content\\\/uploads\\\/sites\\\/4\\\/2025\\\/01\\\/kindergarten-reservation-en.png\",\"datePublished\":\"2025-01-09T18:47:41+00:00\",\"dateModified\":\"2025-01-09T18:49:53+00:00\",\"breadcrumb\":{\"@id\":\"https:\\\/\\\/merton.emsb.qc.ca\\\/online-kindergarten-spot-reservation-2025-2026-school-year\\\/#breadcrumb\"},\"inLanguage\":\"fr-FR\",\"potentialAction\":[{\"@type\":\"ReadAction\",\"target\":[\"https:\\\/\\\/merton.emsb.qc.ca\\\/online-kindergarten-spot-reservation-2025-2026-school-year\\\/\"]}]},{\"@type\":\"ImageObject\",\"inLanguage\":\"fr-FR\",\"@id\":\"https:\\\/\\\/merton.emsb.qc.ca\\\/online-kindergarten-spot-reservation-2025-2026-school-year\\\/#primaryimage\",\"url\":\"https:\\\/\\\/merton.emsb.qc.ca\\\/wp-content\\\/uploads\\\/sites\\\/4\\\/2025\\\/01\\\/kindergarten-reservation-en.png\",\"contentUrl\":\"https:\\\/\\\/merton.emsb.qc.ca\\\/wp-content\\\/uploads\\\/sites\\\/4\\\/2025\\\/01\\\/kindergarten-reservation-en.png\",\"width\":1042,\"height\":308},{\"@type\":\"BreadcrumbList\",\"@id\":\"https:\\\/\\\/merton.emsb.qc.ca\\\/online-kindergarten-spot-reservation-2025-2026-school-year\\\/#breadcrumb\",\"itemListElement\":[{\"@type\":\"ListItem\",\"position\":1,\"name\":\"Home\",\"item\":\"https:\\\/\\\/merton.emsb.qc.ca\\\/\"},{\"@type\":\"ListItem\",\"position\":2,\"name\":\"Online Kindergarten spot reservation 2025-2026 school year\"}]},{\"@type\":\"WebSite\",\"@id\":\"https:\\\/\\\/merton.emsb.qc.ca\\\/#website\",\"url\":\"https:\\\/\\\/merton.emsb.qc.ca\\\/\",\"name\":\"Merton Elementary School\",\"description\":\"Merton Elementary School\",\"publisher\":{\"@id\":\"https:\\\/\\\/merton.emsb.qc.ca\\\/#organization\"},\"potentialAction\":[{\"@type\":\"SearchAction\",\"target\":{\"@type\":\"EntryPoint\",\"urlTemplate\":\"https:\\\/\\\/merton.emsb.qc.ca\\\/?s={search_term_string}\"},\"query-input\":{\"@type\":\"PropertyValueSpecification\",\"valueRequired\":true,\"valueName\":\"search_term_string\"}}],\"inLanguage\":\"fr-FR\"},{\"@type\":\"Organization\",\"@id\":\"https:\\\/\\\/merton.emsb.qc.ca\\\/#organization\",\"name\":\"Merton Elementary School\",\"url\":\"https:\\\/\\\/merton.emsb.qc.ca\\\/\",\"logo\":{\"@type\":\"ImageObject\",\"inLanguage\":\"fr-FR\",\"@id\":\"https:\\\/\\\/merton.emsb.qc.ca\\\/#\\\/schema\\\/logo\\\/image\\\/\",\"url\":\"https:\\\/\\\/merton.emsb.qc.ca\\\/wp-content\\\/uploads\\\/sites\\\/4\\\/2022\\\/01\\\/school-logo-footer.png\",\"contentUrl\":\"https:\\\/\\\/merton.emsb.qc.ca\\\/wp-content\\\/uploads\\\/sites\\\/4\\\/2022\\\/01\\\/school-logo-footer.png\",\"width\":150,\"height\":147,\"caption\":\"Merton Elementary School\"},\"image\":{\"@id\":\"https:\\\/\\\/merton.emsb.qc.ca\\\/#\\\/schema\\\/logo\\\/image\\\/\"}},{\"@type\":\"Person\",\"@id\":\"https:\\\/\\\/merton.emsb.qc.ca\\\/#\\\/schema\\\/person\\\/4fe85cdc0dae7c3c0a2f613061afd8eb\",\"name\":\"Nur Erdem\",\"image\":{\"@type\":\"ImageObject\",\"inLanguage\":\"fr-FR\",\"@id\":\"https:\\\/\\\/secure.gravatar.com\\\/avatar\\\/5108db5b5a093e76c518bc27e14565d4930e9a7e7714fa6dc12aaa54c13dd61e?s=96&d=mm&r=g\",\"url\":\"https:\\\/\\\/secure.gravatar.com\\\/avatar\\\/5108db5b5a093e76c518bc27e14565d4930e9a7e7714fa6dc12aaa54c13dd61e?s=96&d=mm&r=g\",\"contentUrl\":\"https:\\\/\\\/secure.gravatar.com\\\/avatar\\\/5108db5b5a093e76c518bc27e14565d4930e9a7e7714fa6dc12aaa54c13dd61e?s=96&d=mm&r=g\",\"caption\":\"Nur Erdem\"},\"url\":\"https:\\\/\\\/merton.emsb.qc.ca\\\/fr\\\/author\\\/emsb-2\\\/\"}]}<\/script>\n<!-- \/ Yoast SEO plugin. -->","yoast_head_json":{"title":"R\u00e9servation de places en ligne en maternelle pour l'ann\u00e9e scolaire 2025-2026 - Merton Elementary School","robots":{"index":"index","follow":"follow","max-snippet":"max-snippet:-1","max-image-preview":"max-image-preview:large","max-video-preview":"max-video-preview:-1"},"canonical":"https:\/\/merton.emsb.qc.ca\/fr\/online-kindergarten-spot-reservation-2025-2026-school-year\/","og_locale":"fr_FR","og_type":"article","og_title":"Online Kindergarten spot reservation 2025-2026 school year - Merton Elementary School","og_description":"We are thrilled to hear that you have selected our school as your child(ren)\u2019s elementary school. We look forward to having you join our family. We ask that you book an appointment using our online reservation system through the following link. Online Kindergarten spot reservation links will be available on January 27, 2025 at 7 [&hellip;]","og_url":"https:\/\/merton.emsb.qc.ca\/fr\/online-kindergarten-spot-reservation-2025-2026-school-year\/","og_site_name":"Merton Elementary School","article_published_time":"2025-01-09T18:47:41+00:00","article_modified_time":"2025-01-09T18:49:53+00:00","og_image":[{"width":1042,"height":308,"url":"https:\/\/merton.emsb.qc.ca\/wp-content\/uploads\/sites\/4\/2025\/01\/kindergarten-reservation-en.png","type":"image\/png"}],"author":"Nur Erdem","twitter_card":"summary_large_image","twitter_misc":{"\u00c9crit par":"Nur Erdem","Dur\u00e9e de lecture estim\u00e9e":"1 minute"},"schema":{"@context":"https:\/\/schema.org","@graph":[{"@type":"Article","@id":"https:\/\/merton.emsb.qc.ca\/online-kindergarten-spot-reservation-2025-2026-school-year\/#article","isPartOf":{"@id":"https:\/\/merton.emsb.qc.ca\/online-kindergarten-spot-reservation-2025-2026-school-year\/"},"author":{"name":"Nur Erdem","@id":"https:\/\/merton.emsb.qc.ca\/#\/schema\/person\/4fe85cdc0dae7c3c0a2f613061afd8eb"},"headline":"Online Kindergarten spot reservation 2025-2026 school year","datePublished":"2025-01-09T18:47:41+00:00","dateModified":"2025-01-09T18:49:53+00:00","mainEntityOfPage":{"@id":"https:\/\/merton.emsb.qc.ca\/online-kindergarten-spot-reservation-2025-2026-school-year\/"},"wordCount":171,"publisher":{"@id":"https:\/\/merton.emsb.qc.ca\/#organization"},"image":{"@id":"https:\/\/merton.emsb.qc.ca\/online-kindergarten-spot-reservation-2025-2026-school-year\/#primaryimage"},"thumbnailUrl":"https:\/\/merton.emsb.qc.ca\/wp-content\/uploads\/sites\/4\/2025\/01\/kindergarten-reservation-en.png","articleSection":["School News"],"inLanguage":"fr-FR"},{"@type":"WebPage","@id":"https:\/\/merton.emsb.qc.ca\/online-kindergarten-spot-reservation-2025-2026-school-year\/","url":"https:\/\/merton.emsb.qc.ca\/online-kindergarten-spot-reservation-2025-2026-school-year\/","name":"R\u00e9servation de places en ligne en maternelle pour l'ann\u00e9e scolaire 2025-2026 - Merton Elementary School","isPartOf":{"@id":"https:\/\/merton.emsb.qc.ca\/#website"},"primaryImageOfPage":{"@id":"https:\/\/merton.emsb.qc.ca\/online-kindergarten-spot-reservation-2025-2026-school-year\/#primaryimage"},"image":{"@id":"https:\/\/merton.emsb.qc.ca\/online-kindergarten-spot-reservation-2025-2026-school-year\/#primaryimage"},"thumbnailUrl":"https:\/\/merton.emsb.qc.ca\/wp-content\/uploads\/sites\/4\/2025\/01\/kindergarten-reservation-en.png","datePublished":"2025-01-09T18:47:41+00:00","dateModified":"2025-01-09T18:49:53+00:00","breadcrumb":{"@id":"https:\/\/merton.emsb.qc.ca\/online-kindergarten-spot-reservation-2025-2026-school-year\/#breadcrumb"},"inLanguage":"fr-FR","potentialAction":[{"@type":"ReadAction","target":["https:\/\/merton.emsb.qc.ca\/online-kindergarten-spot-reservation-2025-2026-school-year\/"]}]},{"@type":"ImageObject","inLanguage":"fr-FR","@id":"https:\/\/merton.emsb.qc.ca\/online-kindergarten-spot-reservation-2025-2026-school-year\/#primaryimage","url":"https:\/\/merton.emsb.qc.ca\/wp-content\/uploads\/sites\/4\/2025\/01\/kindergarten-reservation-en.png","contentUrl":"https:\/\/merton.emsb.qc.ca\/wp-content\/uploads\/sites\/4\/2025\/01\/kindergarten-reservation-en.png","width":1042,"height":308},{"@type":"BreadcrumbList","@id":"https:\/\/merton.emsb.qc.ca\/online-kindergarten-spot-reservation-2025-2026-school-year\/#breadcrumb","itemListElement":[{"@type":"ListItem","position":1,"name":"Home","item":"https:\/\/merton.emsb.qc.ca\/"},{"@type":"ListItem","position":2,"name":"Online Kindergarten spot reservation 2025-2026 school year"}]},{"@type":"WebSite","@id":"https:\/\/merton.emsb.qc.ca\/#website","url":"https:\/\/merton.emsb.qc.ca\/","name":"\u00c9cole primaire Merton","description":"\u00c9cole primaire Merton","publisher":{"@id":"https:\/\/merton.emsb.qc.ca\/#organization"},"potentialAction":[{"@type":"SearchAction","target":{"@type":"EntryPoint","urlTemplate":"https:\/\/merton.emsb.qc.ca\/?s={search_term_string}"},"query-input":{"@type":"PropertyValueSpecification","valueRequired":true,"valueName":"search_term_string"}}],"inLanguage":"fr-FR"},{"@type":"Organization","@id":"https:\/\/merton.emsb.qc.ca\/#organization","name":"\u00c9cole primaire Merton","url":"https:\/\/merton.emsb.qc.ca\/","logo":{"@type":"ImageObject","inLanguage":"fr-FR","@id":"https:\/\/merton.emsb.qc.ca\/#\/schema\/logo\/image\/","url":"https:\/\/merton.emsb.qc.ca\/wp-content\/uploads\/sites\/4\/2022\/01\/school-logo-footer.png","contentUrl":"https:\/\/merton.emsb.qc.ca\/wp-content\/uploads\/sites\/4\/2022\/01\/school-logo-footer.png","width":150,"height":147,"caption":"Merton Elementary School"},"image":{"@id":"https:\/\/merton.emsb.qc.ca\/#\/schema\/logo\/image\/"}},{"@type":"Person","@id":"https:\/\/merton.emsb.qc.ca\/#\/schema\/person\/4fe85cdc0dae7c3c0a2f613061afd8eb","name":"Nur Erdem","image":{"@type":"ImageObject","inLanguage":"fr-FR","@id":"https:\/\/secure.gravatar.com\/avatar\/5108db5b5a093e76c518bc27e14565d4930e9a7e7714fa6dc12aaa54c13dd61e?s=96&d=mm&r=g","url":"https:\/\/secure.gravatar.com\/avatar\/5108db5b5a093e76c518bc27e14565d4930e9a7e7714fa6dc12aaa54c13dd61e?s=96&d=mm&r=g","contentUrl":"https:\/\/secure.gravatar.com\/avatar\/5108db5b5a093e76c518bc27e14565d4930e9a7e7714fa6dc12aaa54c13dd61e?s=96&d=mm&r=g","caption":"Nur Erdem"},"url":"https:\/\/merton.emsb.qc.ca\/fr\/author\/emsb-2\/"}]}},"_links":{"self":[{"href":"https:\/\/merton.emsb.qc.ca\/fr\/wp-json\/wp\/v2\/posts\/8746","targetHints":{"allow":["GET"]}}],"collection":[{"href":"https:\/\/merton.emsb.qc.ca\/fr\/wp-json\/wp\/v2\/posts"}],"about":[{"href":"https:\/\/merton.emsb.qc.ca\/fr\/wp-json\/wp\/v2\/types\/post"}],"author":[{"embeddable":true,"href":"https:\/\/merton.emsb.qc.ca\/fr\/wp-json\/wp\/v2\/users\/11"}],"replies":[{"embeddable":true,"href":"https:\/\/merton.emsb.qc.ca\/fr\/wp-json\/wp\/v2\/comments?post=8746"}],"version-history":[{"count":5,"href":"https:\/\/merton.emsb.qc.ca\/fr\/wp-json\/wp\/v2\/posts\/8746\/revisions"}],"predecessor-version":[{"id":8752,"href":"https:\/\/merton.emsb.qc.ca\/fr\/wp-json\/wp\/v2\/posts\/8746\/revisions\/8752"}],"wp:featuredmedia":[{"embeddable":true,"href":"https:\/\/merton.emsb.qc.ca\/fr\/wp-json\/wp\/v2\/media\/8748"}],"wp:attachment":[{"href":"https:\/\/merton.emsb.qc.ca\/fr\/wp-json\/wp\/v2\/media?parent=8746"}],"wp:term":[{"taxonomy":"category","embeddable":true,"href":"https:\/\/merton.emsb.qc.ca\/fr\/wp-json\/wp\/v2\/categories?post=8746"},{"taxonomy":"post_tag","embeddable":true,"href":"https:\/\/merton.emsb.qc.ca\/fr\/wp-json\/wp\/v2\/tags?post=8746"}],"curies":[{"name":"wp","href":"https:\/\/api.w.org\/{rel}","templated":true}]}}